{"id":392,"date":"2012-06-21T14:09:00","date_gmt":"2012-06-21T12:09:00","guid":{"rendered":"https:\/\/i01fjayhnf.preview.infomaniak.website\/?p=392"},"modified":"2023-03-23T13:42:16","modified_gmt":"2023-03-23T12:42:16","slug":"gestion-absenteisme-retards","status":"publish","type":"post","link":"https:\/\/promindconsulting.com\/en\/gestion-absenteisme-retards\/","title":{"rendered":"Managing absenteeism and lateness in the workplace - Example \/ Swiss statistics"},"content":{"rendered":"<p>We know that absenteeism is expensive. It is accepted that there is a 1:1 ratio between the rate of absenteeism and its cost as a percentage of the wage bill. This is because it is necessary to finance the replacement and management of absentees, the additional cost of overtime and disorganisation. Quantifying absenteeism in this way will only allow a very cursory assessment to be made of all the indirect costs, including damage to the company's image, lower quality of service, and even a reduction in the degree of motivation of those who are most assiduous.<\/p>\n\n\n\n<p>Controlling the absenteeism threshold is therefore a key element of management, because by extension and above a certain level, it affects the health of the organisation itself. What's more, it is more than likely that any new employee who joins a 'sick' organisation will in turn be 'contaminated'.<\/p>\n\n\n\n<p><strong>EXAMPLE<\/strong><\/p>\n\n\n\n<p>Read&nbsp;<strong><a><\/a><a target=\"_blank\" href=\"http:\/\/hr4free.com\/fr\/Suivi-du-collaborateur\/Gestion-du-taux-absent%C3%A9isme-et-des-retards\" rel=\"noreferrer noopener\">the full article \"managing absenteeism in the workplace\".<\/a><\/strong><a>&nbsp;<\/a>on HR4free, our blog dedicated to Human Resources management.<\/p>","protected":false},"excerpt":{"rendered":"<p>On sait que l\u2019absent\u00e9isme co\u00fbte cher. Il est admis qu\u2019il existe un rapport de 1 pour 1 entre le taux d\u2019absent\u00e9isme et son co\u00fbt en pourcentage de la masse salariale. Cela est d\u00fb au fait qu\u2019il faut financer le remplacement et la gestion des absents, le surco\u00fbt des heures suppl\u00e9mentaires et la d\u00e9sorganisation. Cette quantification [&hellip;]<\/p>\n","protected":false},"author":1,"featured_media":0,"comment_status":"closed","ping_status":"","sticky":false,"template":"","format":"standard","meta":{"footnotes":""},"categories":[7],"tags":[],"class_list":["post-392","post","type-post","status-publish","format-standard","hentry","category-management"],"_links":{"self":[{"href":"https:\/\/promindconsulting.com\/en\/wp-json\/wp\/v2\/posts\/392","targetHints":{"allow":["GET"]}}],"collection":[{"href":"https:\/\/promindconsulting.com\/en\/wp-json\/wp\/v2\/posts"}],"about":[{"href":"https:\/\/promindconsulting.com\/en\/wp-json\/wp\/v2\/types\/post"}],"author":[{"embeddable":true,"href":"https:\/\/promindconsulting.com\/en\/wp-json\/wp\/v2\/users\/1"}],"replies":[{"embeddable":true,"href":"https:\/\/promindconsulting.com\/en\/wp-json\/wp\/v2\/comments?post=392"}],"version-history":[{"count":1,"href":"https:\/\/promindconsulting.com\/en\/wp-json\/wp\/v2\/posts\/392\/revisions"}],"predecessor-version":[{"id":396,"href":"https:\/\/promindconsulting.com\/en\/wp-json\/wp\/v2\/posts\/392\/revisions\/396"}],"wp:attachment":[{"href":"https:\/\/promindconsulting.com\/en\/wp-json\/wp\/v2\/media?parent=392"}],"wp:term":[{"taxonomy":"category","embeddable":true,"href":"https:\/\/promindconsulting.com\/en\/wp-json\/wp\/v2\/categories?post=392"},{"taxonomy":"post_tag","embeddable":true,"href":"https:\/\/promindconsulting.com\/en\/wp-json\/wp\/v2\/tags?post=392"}],"curies":[{"name":"wp","href":"https:\/\/api.w.org\/{rel}","templated":true}]}}